{"id":2233,"date":"2023-12-31T22:12:43","date_gmt":"2023-12-31T22:12:43","guid":{"rendered":"https:\/\/futureangst.com\/2023\/12\/31\/detournement-endormissement-et-hysterie-letrange-nouvelle-culture-dominante-allemande\/"},"modified":"2023-12-31T22:37:12","modified_gmt":"2023-12-31T22:37:12","slug":"detournement-endormissement-et-hysterie-letrange-nouvelle-culture-dominante-allemande","status":"publish","type":"post","link":"https:\/\/futureangst.com\/fr\/2023\/12\/31\/detournement-endormissement-et-hysterie-letrange-nouvelle-culture-dominante-allemande\/","title":{"rendered":"D\u00e9tournement, endormissement et hyst\u00e9rie &#8211; L&rsquo;\u00e9trange nouvelle culture dominante allemande"},"content":{"rendered":"\n<p class=\"wp-block-paragraph\">Je viens d&rsquo;entendre des amis dire que <a href=\"https:\/\/futureangst.com\/fr\/2023\/12\/31\/lambiance-est-mauvaise-lallemagne-a-la-croisee-des-chemins\/\" data-type=\"post\" data-id=\"2227\">l&rsquo;ambiance \u00e9tait mauvaise dans le pays<\/a>, et il y a de nombreuses raisons \u00e0 cela. L&rsquo;origine r\u00e9side toutefois aussi dans notre succ\u00e8s des derni\u00e8res d\u00e9cennies, car il nous a rendus trop s\u00fbrs de nous. Je m&rsquo;en aper\u00e7ois toujours lors de conversations en priv\u00e9 ou sur sc\u00e8ne, o\u00f9 il y a in\u00e9vitablement quelqu&rsquo;un qui pense que \u00ab\u00a0nous sommes bien plac\u00e9s\u00a0\u00bb, \u00ab\u00a0nous sommes meilleurs que , ou \u00ab\u00a0ils n&rsquo;y arriveraient jamais\u00a0\u00bb ou \u00ab\u00a0<a href=\"https:\/\/thelastdriverlicenseholder.com\/2018\/10\/04\/phrase-ideas-for-tesla-haters-tesla-has-to-prove-first\/\">ils doivent d&rsquo;abord prouver que\u2026<\/a>\u00ab\u00a0.<\/p>\n\n\n\n<p class=\"wp-block-paragraph\">Il y a six ans, une intervention de Matthias M\u00fcller, alors patron de VW, a fait le tour de la toile : il disait qu&rsquo;il fallait \u00ab\u00a0laisser l&rsquo;\u00e9glise au village\u00a0\u00bb en ce qui concerne Tesla et donnait une foule de raisons pour lesquelles Tesla ne devait pas \u00eatre prise au s\u00e9rieux. Ces d\u00e9clarations n&rsquo;ont pas tr\u00e8s bien vieilli, car entre-temps, on peut s&rsquo;inqui\u00e9ter pour VW, qui a des difficult\u00e9s \u00e0 vendre et \u00e0 produire ses voitures \u00e9lectriques.<\/p>\n\n\n\n<figure class=\"wp-block-embed is-type-video is-provider-youtube wp-block-embed-youtube wp-embed-aspect-16-9 wp-has-aspect-ratio\"><div class=\"wp-block-embed__wrapper\">\n<span class=\"embed-youtube\" style=\"text-align:center; display: block;\"><iframe loading=\"lazy\" class=\"youtube-player\" width=\"720\" height=\"405\" src=\"https:\/\/www.youtube.com\/embed\/wSklSKRkIpk?version=3&#038;rel=1&#038;showsearch=0&#038;showinfo=1&#038;iv_load_policy=1&#038;fs=1&#038;hl=fr-FR&#038;autohide=2&#038;wmode=transparent\" allowfullscreen=\"true\" style=\"border:0;\" sandbox=\"allow-scripts allow-same-origin allow-popups allow-presentation allow-popups-to-escape-sandbox\"><\/iframe><\/span>\n<\/div><\/figure>\n\n\n\n<p class=\"wp-block-paragraph\">Ces d\u00e9clarations vont de pair avec beaucoup d&rsquo;autres, comme dans cette <a href=\"https:\/\/www.autohaus.de\/nachrichten\/autohersteller\/drei-fragen-an-prof-stefan-bratzel-mercedes-und-bmw-sind-ganz-vorne-mit-dabei-3467767\" target=\"_blank\" rel=\"noreferrer noopener\">interview<\/a>, o\u00f9 l&rsquo;on atteste par exemple que les constructeurs allemands sont \u00ab\u00a0\u00e0 la pointe\u00a0\u00bb en mati\u00e8re de technologies de conduite autonome. De telles d\u00e9clarations ne rendent pas service \u00e0 l&rsquo;Allemagne. Elles nous bercent de certitudes, elles nous font r\u00eaver, elles nient l&rsquo;urgence. Car j&rsquo;ai d\u00e9j\u00e0 trait\u00e9 en d\u00e9tail dans plusieurs <a href=\"https:\/\/thelastdriverlicenseholder.com\/category\/daimler-benz\/\" target=\"_blank\" rel=\"noreferrer noopener\">blogs<\/a> de la mani\u00e8re dont il faut classer ce que Mercedes ou BMW pr\u00e9sentent, comme les feux turquoises, le Drive Pilot ou l&rsquo;Intelligent Park Pilot. Il s&rsquo;agit de la meilleure bougie, tandis que d&rsquo;autres d\u00e9veloppent l&rsquo;ampoule.<\/p>\n\n\n\n<p class=\"wp-block-paragraph\">On se concentre sur ce que l&rsquo;on conna\u00eet, sur ce que l&rsquo;on conna\u00eet bien, sur ce que l&rsquo;on sait faire et dont on est fier. Ce faisant, on oublie facilement que l&rsquo;on ne travaille que sur le pi\u00e9destal, et non sur la statue qui se trouve dessus, comme je l&rsquo;ai expliqu\u00e9 dans cet article. Et on ne le sait parfois m\u00eame pas. Ce dangereux m\u00e9lange d&rsquo;arrogance et d&rsquo;ignorance, ou d'\u00a0\u00bb<em>agnorance<\/em>\u00a0\u00bb comme on dit d\u00e9sormais aux \u00c9tats-Unis, est colport\u00e9 par ces m\u00eames experts et par les m\u00e9dias.<\/p>\n\n\n\n<h3 class=\"wp-block-heading\">Les Avaleurs et les D\u00e9tracteurs<\/h3>\n\n\n\n<p class=\"wp-block-paragraph\">Un exemple provient du Handelsblatt d&rsquo;il y a quelques mois, o\u00f9 le correspondant vivant \u00e0 San Francisco ne parle que des (soi-disant) erreurs et probl\u00e8mes dans les 80 premiers pour cent de son <a href=\"https:\/\/www.handelsblatt.com\/technik\/it-internet\/waymo-was-ein-robotaxi-selbstversuch-ueber-autonomes-fahren-sagt\/29263550.html\" target=\"_blank\" rel=\"noreferrer noopener\">article<\/a> sur ses exp\u00e9riences avec le robot-taxi sans chauffeur de Waymo, et ne dit qu&rsquo;\u00e0 la toute fin que de toute fa\u00e7on, tout \u00e9tait super. Que peut bien penser l&rsquo;ing\u00e9nieur moyen qui lit un tel article et en tire des conclusions pour ses propres efforts ? \u00ab\u00a0Les Am\u00e9ricains n&rsquo;y arrivent pas non plus, et nous ne devons pas en avoir peur\u00a0\u00bb. Un mauvais service qui nous fait prendre du retard.<\/p>\n\n\n\n<p class=\"wp-block-paragraph\">C&rsquo;est pire quand on parle de \u00ab\u00a0battage m\u00e9diatique\u00a0\u00bb et que la technologie n&rsquo;y arrivera jamais. Le meilleur exemple r\u00e9cent a \u00e9t\u00e9 ChatGPT et le baccalaur\u00e9at bavarois. D\u00e9but f\u00e9vrier 2023, ChatGPT 3\/3.5 a \u00e9t\u00e9 soumis au baccalaur\u00e9at bavarois pour voir s&rsquo;il pouvait le passer. Le r\u00e9sultat a \u00e9t\u00e9 m\u00e9diocre pour BR24, ChatGPT n&rsquo;a pas pu impressionner. Comment pourrait-il l&rsquo;\u00eatre, puisque comme le rapporte,<\/p>\n\n\n\n<blockquote class=\"wp-block-quote is-layout-flow wp-block-quote-is-layout-flow\">\n<p class=\"wp-block-paragraph\">\u00ab\u00a0Se pr\u00e9senter avec assurance tout en \u00e9tant totalement ignorant, rien ne vaut ChatGPT\u00a0\u00bb, <a href=\"https:\/\/twitter.com\/mads_pankow\/status\/1602957078267568129\" target=\"_blank\" rel=\"noreferrer noopener\">constatait d\u00e9j\u00e0 en d\u00e9cembre le philosophe de la technique Mads Pankow<\/a>. De son c\u00f4t\u00e9, la journaliste technique Eva Wolfangel a qualifi\u00e9 ChatGPT de \u00ab\u00a0babillard au langage puissant\u00a0\u00bb et de \u00ab\u00a0<a href=\"https:\/\/www.spektrum.de\/news\/maschinelles-lernen-chatgpt-wird-immer-plappern\/2090727\" target=\"_blank\" rel=\"noreferrer noopener\">menteur par habitude<\/a>\u00ab\u00a0.<\/p>\n<\/blockquote>\n\n\n\n<p class=\"wp-block-paragraph\">Trois mois plus tard, la situation \u00e9tait totalement diff\u00e9rente. La nouvelle version de ChatGPT 4.0 a pass\u00e9 le <a href=\"https:\/\/www.br.de\/nachrichten\/netzwelt\/chatgpt-ki-besteht-bayerisches-abitur-mit-bravour,TfB3QBw\">baccalaur\u00e9at bavarois avec brio<\/a> en mai 2023. Alors qu&rsquo;auparavant, on \u00e9tait encore arrogant et fier que ChatGPT ne puisse pas passer le baccalaur\u00e9at bavarois, en mai, on s&rsquo;est montr\u00e9 plut\u00f4t pusillanime. Pourtant, l&rsquo;indulgence initiale \u00e0 l&rsquo;\u00e9gard des premiers r\u00e9sultats \u00e9tait d\u00e9j\u00e0 d\u00e9plac\u00e9e. Car elle signalait, dans le ton des auteurs, que l&rsquo;\u00e9tude de ChatGPT ou d&rsquo;autres IA g\u00e9n\u00e9ratives \u00e9tait improductive \u00e0 cause de telles lacunes. L&rsquo;urgence a \u00e9t\u00e9 ni\u00e9e, l&rsquo;IA a \u00e9t\u00e9 d\u00e9clar\u00e9e comme un engouement qui dispara\u00eetrait bient\u00f4t. Et c&rsquo;est ainsi que les lectrices qui croient ces paroles perdent du temps \u00e0 se pencher sur une telle nouvelle technologie et \u00e0 trouver leurs propres domaines d&rsquo;application. Lorsque ChatGPT a tout de m\u00eame r\u00e9ussi \u00e0 r\u00e9soudre le probl\u00e8me du baccalaur\u00e9at, et ce avec brio, le feu a soudain pris sur le toit. Pourquoi ne s&rsquo;y \u00e9tait-on pas int\u00e9ress\u00e9 plus t\u00f4t ? Ah oui, les experts et les m\u00e9dias l&rsquo;ont pr\u00e9sent\u00e9 comme un engouement passager et une technologie \u00e0 ne pas prendre au s\u00e9rieux.<\/p>\n\n\n\n<div class=\"wp-block-jetpack-layout-grid alignfull column1-desktop-grid__span-6 column1-desktop-grid__row-1 column2-desktop-grid__span-6 column2-desktop-grid__start-7 column2-desktop-grid__row-1 column1-tablet-grid__span-4 column1-tablet-grid__row-1 column2-tablet-grid__span-4 column2-tablet-grid__start-5 column2-tablet-grid__row-1 column1-mobile-grid__span-4 column1-mobile-grid__row-1 column2-mobile-grid__span-4 column2-mobile-grid__row-2\">\n<div class=\"wp-block-jetpack-layout-grid-column wp-block-jetpack-layout-grid__padding-none\">\n<figure class=\"wp-block-image size-large\"><a href=\"https:\/\/www.amazon.de\/dp\/3864709288\/\" target=\"_blank\" rel=\"noopener\"><img data-recalc-dims=\"1\" decoding=\"async\" src=\"https:\/\/derletztefuehrerscheinneuling.files.wordpress.com\/2023\/08\/kreative-intelligenz.jpg?w=720\" alt=\"\" class=\"wp-image-27913\"\/><\/a><\/figure>\n<\/div>\n\n\n\n<div class=\"wp-block-jetpack-layout-grid-column wp-block-jetpack-layout-grid__padding-none\">\n<p class=\"has-text-align-center wp-block-paragraph\"><strong>KREATIVE INTELLIGENZ<\/strong><\/p>\n\n\n\n<p class=\"has-small-font-size wp-block-paragraph\">\u00dcber ChatGPT hat man viel gelesen in der letzten Zeit: die k\u00fcnstliche Intelligenz, die ganze B\u00fccher schreiben kann und der bereits jetzt unterstellt wird, Legionen von Autoren, Textern und \u00dcbersetzern arbeitslos zu machen. Und ChatGPT ist nicht allein, die KI-Familie w\u00e4chst best\u00e4ndig. So malt DALL-E Bilder, Face Generator simuliert Gesichter und MusicLM komponiert Musik. Was erleben wir da? Das Ende der Zivilisation oder den Beginn von etwas v\u00f6llig Neuem? Zukunftsforscher Dr. Mario Herger ordnet die neuesten Entwicklungen aus dem Silicon Valley ein und zeigt auf, welche teils bahnbrechenden Ver\u00e4nderungen unmittelbar vor der T\u00fcr stehen.<\/p>\n\n\n\n<p class=\"has-small-font-size wp-block-paragraph\">Erh\u00e4ltlich im Buchhandel, beim <a href=\"https:\/\/www.boersenmedien.de\/produkt\/kreative-intelligenz-3268.html\" target=\"_blank\" rel=\"noreferrer noopener\">Verlag<\/a> und bei <a href=\"https:\/\/www.amazon.de\/dp\/3864709288\/\" target=\"_blank\" rel=\"noreferrer noopener\">Amazon<\/a>.<\/p>\n<\/div>\n<\/div>\n\n\n\n<p class=\"wp-block-paragraph\">En m\u00eame temps, il y a un nombre surprenant d&rsquo;ing\u00e9nieurs qui expliquent en d\u00e9tail pourquoi quelque chose ne peut jamais fonctionner. J&rsquo;en ai donn\u00e9 un exemple dans mon livre <a href=\"https:\/\/www.amazon.de\/dp\/3864707714\" target=\"_blank\" rel=\"noreferrer noopener\">Future Angst<\/a>, o\u00f9, \u00e0 l&rsquo;universit\u00e9 technique de Munich, un dipl\u00f4m\u00e9 en physique a pris la parole apr\u00e8s ma pr\u00e9sentation sur l&rsquo;\u00e9tat des voitures autonomes et a expliqu\u00e9 avec conviction que les voitures autonomes ne pouvaient pas \u00eatre construites sans l&rsquo;aide de l&rsquo;homme :<\/p>\n\n\n\n<blockquote class=\"wp-block-quote is-layout-flow wp-block-quote-is-layout-flow\">\n<p class=\"wp-block-paragraph\">J&rsquo;ai une maison \u00e0 la montagne et en hiver, elle est toujours enneig\u00e9e. Je dois parcourir dix kilom\u00e8tres sur une route enneig\u00e9e pour m&rsquo;y rendre. Une voiture autonome ne pourra jamais faire cela.<\/p>\n<\/blockquote>\n\n\n\n<p class=\"wp-block-paragraph\">C&rsquo;\u00e9tait en 2019, exactement 50 ans apr\u00e8s le premier alunissage habit\u00e9. C&rsquo;\u00e9tait quelques jours apr\u00e8s que la sonde Voyager 2 eut quitt\u00e9 notre syst\u00e8me solaire et p\u00e9n\u00e9tr\u00e9 d\u00e9finitivement dans l&rsquo;espace interstellaire.\u2002Et ce n&rsquo;est pas un cas isol\u00e9, loin s&rsquo;en faut. Qui ne se souvient pas des questions d&rsquo;examen \u00e0 l&rsquo;\u00e9cole et \u00e0 l&rsquo;universit\u00e9, qui prennent g\u00e9n\u00e9ralement la forme de \u00ab\u00a0trouver la valeur de x\u00a0\u00bb ? Je ne me souviens pas qu&rsquo;une seule fois, un exercice ait demand\u00e9 aux candidats de trouver toutes les raisons pour lesquelles quelque chose ne pourrait jamais fonctionner. Que se passe-t-il ici, en Allemagne, apr\u00e8s que ces personnes ont quitt\u00e9 les centres de formation et qu&rsquo;elles font ensuite de telles d\u00e9clarations dans leur profession ?<\/p>\n\n\n\n<div class=\"wp-block-jetpack-layout-grid alignfull column1-desktop-grid__span-6 column1-desktop-grid__row-1 column2-desktop-grid__span-6 column2-desktop-grid__start-7 column2-desktop-grid__row-1 column1-tablet-grid__span-4 column1-tablet-grid__row-1 column2-tablet-grid__span-4 column2-tablet-grid__start-5 column2-tablet-grid__row-1 column1-mobile-grid__span-4 column1-mobile-grid__row-1 column2-mobile-grid__span-4 column2-mobile-grid__row-2\">\n<div class=\"wp-block-jetpack-layout-grid-column wp-block-jetpack-layout-grid__padding-none\">\n<figure class=\"wp-block-image size-large is-resized\"><a href=\"https:\/\/www.amazon.de\/dp\/3864707714\" target=\"_blank\" rel=\"noopener\"><img data-recalc-dims=\"1\" decoding=\"async\" src=\"https:\/\/derletztefuehrerscheinneuling.files.wordpress.com\/2021\/05\/future-angst.jpg?w=720\" alt=\"\" class=\"wp-image-21661\" style=\"width:359px;height:auto\"\/><\/a><\/figure>\n<\/div>\n\n\n\n<div class=\"wp-block-jetpack-layout-grid-column wp-block-jetpack-layout-grid__padding-none\">\n<p class=\"has-text-align-center wp-block-paragraph\"><strong>FUTURE ANGST<\/strong><\/p>\n\n\n\n<p class=\"has-small-font-size wp-block-paragraph\">Welche aktuellen \u00c4ngste pr\u00e4gen uns? Mit welchen \u00c4ngsten waren die Menschen in der Vergangenheit konfrontiert, als es die heutigen Technologien noch nicht gab? Warum mischen wir heute im Wettbewerb der Kulturen um neue Technologien nicht ganz vorne mit? Welche Ma\u00dfnahmen m\u00fcssen wir ergreifen, um neue Technologien nicht als etwas Be\u00e4ngstigendes und Feindseliges zu betrachten, sondern als ein Mittel zur L\u00f6sung der gro\u00dfen Probleme der Menschheit? Innovationsexperte Dr. Mario Herger stellt in \u201eFuture Angst\u201c die entscheidenden Fragen in Bezug auf Technologie und Fortschritt und zeigt professionelle und zukunftsweisende L\u00f6sungen auf. Mit seinem Appell \u201eDesign the Future\u201c bietet Herger einen unkonventionellen und transformativen Ansatz f\u00fcr ein neues, human gepr\u00e4gtes Mindset.<\/p>\n\n\n\n<p class=\"has-small-font-size wp-block-paragraph\">Erh\u00e4ltlich im Buchhandel, beim <a rel=\"noreferrer noopener\" href=\"https:\/\/www.boersenmedien.de\/produkt\/future-angst-2157.html\" target=\"_blank\">Verlag<\/a>  und bei <a rel=\"noreferrer noopener\" href=\"https:\/\/www.amazon.de\/dp\/3864707714\" target=\"_blank\">Amazon<\/a>.<\/p>\n<\/div>\n<\/div>\n\n\n\n<h3 class=\"wp-block-heading\">Hyst\u00e9rique<\/h3>\n\n\n\n<p class=\"wp-block-paragraph\">Outre les endormeurs et les d\u00e9tracteurs, il y a les hyst\u00e9riques, qui se pr\u00e9sentent sous diff\u00e9rentes formes. Il y a tout d&rsquo;abord les <a href=\"https:\/\/fr.wikipedia.org\/wiki\/Entrepreneur_de_morale\" target=\"_blank\" rel=\"noreferrer noopener\">entrepreneurs de morale<\/a> qui gagnent leur vie et leur r\u00e9putation en mettant en garde contre les nouvelles technologies. Si nous ne les r\u00e9gulons pas et ne revenons pas \u00e0 la nature, la civilisation telle que nous la connaissons risque de dispara\u00eetre. Et pour cela, il ne faut absolument pas faire de compromis avec les ing\u00e9nieurs avides qui n&rsquo;ont pas la moindre id\u00e9e de ce que sont la morale et l&rsquo;\u00e9thique, et nous ne pouvons l&rsquo;\u00e9viter qu&rsquo;avec des mesures radicales. <a href=\"https:\/\/futureangst.com\/en\/2020\/07\/05\/ai-and-the-simple-world-of-richard-david-precht\/\" target=\"_blank\" rel=\"noreferrer noopener\">Richard David Precht<\/a> ou Anders Indset sont des exemples parfaits de ce genre d&rsquo;attitude.<\/p>\n\n\n\n<p class=\"wp-block-paragraph\">D&rsquo;autres hyst\u00e9riques viennent des industries concern\u00e9es par les changements. Leurs peaux menacent de s&rsquo;envoler, les technologies sur lesquelles ils travaillent depuis des d\u00e9cennies et gr\u00e2ce auxquelles ils ont construit leur r\u00e9putation et leur expertise risquent d\u00e9sormais de finir dans les poubelles de l&rsquo;histoire. Et comme beaucoup s&rsquo;identifient \u00e0 leur m\u00e9tier et \u00e0 leur expertise technologique et fondent leur identit\u00e9 sur eux, c&rsquo;est plus qu&rsquo;un simple changement de technologie. On le voit clairement avec le passage des moteurs \u00e0 combustion aux voitures \u00e9lectriques. La <a href=\"https:\/\/thelastdriverlicenseholder.com\/2020\/11\/10\/petro-masculinity-how-e-mobility-scratches-at-the-image-of-ones-own-manliness\/\" target=\"_blank\" rel=\"noreferrer noopener\">p\u00e9tro-masculinit\u00e9<\/a> appara\u00eet clairement.<\/p>\n\n\n\n<h3 class=\"wp-block-heading\">Leitkultur?<\/h3>\n\n\n\n<p class=\"wp-block-paragraph\">Est-ce la nouvelle culture dominante chez nous ? Pas celle des po\u00e8tes, des penseurs et des ing\u00e9nieurs dont nous sommes si fiers ? Il semble de plus en plus clair o\u00f9 cela nous m\u00e8ne. Parall\u00e8lement, une classe de bureaucrates et de politiciens nous gouverne et nous rend de moins en moins performants. Quand je vois les exemples d&rsquo;absurdit\u00e9 num\u00e9rique que nous avons rassembl\u00e9s dans le groupe LinkedIn <a href=\"https:\/\/www.linkedin.com\/groups\/14070089\/\" target=\"_blank\" rel=\"noreferrer noopener\">Digital Doof DACH<\/a>, cela me fait fr\u00e9mir. On a l&rsquo;impression que nous ne voulons plus rien. Nous avons tout simplement abandonn\u00e9.<\/p>\n\n\n\n<p class=\"wp-block-paragraph\">Moi-m\u00eame, je suis en col\u00e8re contre les personnes qui se laissent embobiner et qui se d\u00e9fendent, ainsi que contre les hyst\u00e9riques. Leur agenda est d&rsquo;une part (comme Matthias M\u00fcller) de faire bonne figure pour eux-m\u00eames et leur propre entreprise. On se moque de la concurrence et on la d\u00e9nigre, on se surestime. D&rsquo;autre part, si l&rsquo;on vise des contrats de conseil ou des fonds de recherche, on badigeonne le ventre des entreprises et des conseils d&rsquo;administration en leur disant qu&rsquo;ils sont formidables et qu&rsquo;ils sont \u00ab\u00a0\u00e0 la pointe\u00a0\u00bb. Quant aux hyst\u00e9riques, ils sont balad\u00e9s d&rsquo;un talk-show \u00e0 l&rsquo;autre, car c&rsquo;est une situation gagnant-gagnant-gagnant pour tous les participants. Les entrepreneurs de morale gagnent de l&rsquo;argent gr\u00e2ce \u00e0 cela, les journalistes se tapent fi\u00e8rement la poitrine parce qu&rsquo;elles ont mis en lumi\u00e8re un dysfonctionnement et les politiciens parce qu&rsquo;ils peuvent retrousser leurs manches et agir avec \u00e9nergie contre ce nouveau changement et le r\u00e9glementer vigoureusement \u00e0 mort.<\/p>\n\n\n\n<p class=\"wp-block-paragraph\">Il y a urgence, car nous avons perdu pied dans de nombreuses nouvelles technologies. Plusieurs g\u00e9ants du num\u00e9rique am\u00e9ricains et chinois valent individuellement plusieurs fois ce que valent toutes les entreprises du DAX r\u00e9unies. Les entreprises num\u00e9riques, l&rsquo;\u00e9lectronique, l&rsquo;intelligence artificielle et, maintenant, l&rsquo;industrie automobile, la plus importante du pays, nous ne sommes plus qu&rsquo;en queue de peloton pour les voitures \u00e9lectriques et autonomes.<\/p>\n\n\n\n<p class=\"wp-block-paragraph\">Si nous donnons la priorit\u00e9 aux d\u00e9tracteurs, aux endormeurs et aux hyst\u00e9riques dans la d\u00e9finition de la culture dominante, alors nous m\u00e9ritons de descendre dans l&rsquo;\u00e9chelle sociale. Cette attitude, qui a valu \u00e0 la Chine une descente de plus de 200 ans au 18e si\u00e8cle, nous risquons de la reproduire pour nous au 21e si\u00e8cle.<\/p>\n\n\n\n<div class=\"wp-block-jetpack-layout-grid alignfull column1-desktop-grid__span-6 column1-desktop-grid__row-1 column2-desktop-grid__span-6 column2-desktop-grid__start-7 column2-desktop-grid__row-1 column1-tablet-grid__span-4 column1-tablet-grid__row-1 column2-tablet-grid__span-4 column2-tablet-grid__start-5 column2-tablet-grid__row-1 column1-mobile-grid__span-4 column1-mobile-grid__row-1 column2-mobile-grid__span-4 column2-mobile-grid__row-2\">\n<div class=\"wp-block-jetpack-layout-grid-column wp-block-jetpack-layout-grid__padding-none\">\n<figure class=\"wp-block-image size-large\"><a href=\"https:\/\/www.udemy.com\/course\/growth-mindset-de\/?referralCode=39BFB72887418005208A\"><img data-recalc-dims=\"1\" decoding=\"async\" src=\"https:\/\/derletztefuehrerscheinneuling.files.wordpress.com\/2021\/04\/growth-mindset.jpeg?w=720\" alt=\"\" class=\"wp-image-21410\"\/><\/a><\/figure>\n<\/div>\n\n\n\n<div class=\"wp-block-jetpack-layout-grid-column wp-block-jetpack-layout-grid__padding-none\">\n<h3 class=\"wp-block-heading\">Growth Mindset f\u00fcr Manager<\/h3>\n\n\n\n<p class=\"wp-block-paragraph\">Wie k\u00f6nnen Mitarbeiter und F\u00fchrungskr\u00e4fte ein Fixed Mindset erkennen und sich und anderen zu einem Growth Mindset verhelfen?<\/p>\n\n\n\n<p class=\"wp-block-paragraph\">Dieser <a rel=\"noreferrer noopener\" href=\"https:\/\/www.udemy.com\/course\/growth-mindset-de\/?referralCode=39BFB72887418005208A\" target=\"_blank\">Kurs<\/a> erkl\u00e4rt, was ein Fixed und Growth Mindset ist, gibt Gr\u00fcnde, warum wir ein Growth Mindset f\u00fcr uns selbst, f\u00fcr andere und f\u00fcr Organisationen anstreben sollten, und zeigt Wege, wie man Fixed Mindset erkennt und zu einem Growth Mindset bringt.<\/p>\n<\/div>\n<\/div>\n","protected":false},"excerpt":{"rendered":"<p>Je viens d&rsquo;entendre des amis dire que l&rsquo;ambiance \u00e9tait mauvaise dans le pays, et il y a de nombreuses raisons \u00e0 cela. L&rsquo;origine r\u00e9side toutefois aussi dans notre succ\u00e8s des derni\u00e8res d\u00e9cennies, car il nous a rendus trop s\u00fbrs de &hellip; <a href=\"https:\/\/futureangst.com\/fr\/2023\/12\/31\/detournement-endormissement-et-hysterie-letrange-nouvelle-culture-dominante-allemande\/\" class=\"more-link\">Continuer de lire <span class=\"screen-reader-text\">D\u00e9tournement, endormissement et hyst\u00e9rie &#8211; L&rsquo;\u00e9trange nouvelle culture dominante allemande<\/span><\/a><\/p>\n","protected":false},"author":8770504,"featured_media":2218,"comment_status":"open","ping_status":"open","sticky":false,"template":"","format":"standard","meta":{"_coblocks_attr":"","_coblocks_dimensions":"","_coblocks_responsive_height":"","_coblocks_accordion_ie_support":"","_crdt_document":"","advanced_seo_description":"","jetpack_seo_html_title":"","jetpack_seo_noindex":false,"_jetpack_newsletter_access":"","_jetpack_dont_email_post_to_subs":false,"_jetpack_newsletter_tier_id":0,"_jetpack_memberships_contains_paywalled_content":false,"_jetpack_memberships_contains_paid_content":false,"footnotes":"","jetpack_publicize_message":"","jetpack_publicize_feature_enabled":true,"jetpack_social_post_already_shared":true,"jetpack_social_options":{"image_generator_settings":{"template":"highway","default_image_id":0,"font":"","enabled":false},"version":2},"_wpas_customize_per_network":false,"jetpack_post_was_ever_published":false},"categories":[36104,35911,35926,35903,35912],"tags":[],"class_list":{"0":"post-2233","1":"post","2":"type-post","3":"status-publish","4":"format-standard","5":"has-post-thumbnail","6":"hentry","7":"category-comportement","8":"category-crise","9":"category-present-angst-fr","10":"category-signalisation","11":"category-technologie-fr-2","13":"fallback-thumbnail"},"jetpack_publicize_connections":[],"jetpack_featured_media_url":"https:\/\/i0.wp.com\/futureangst.com\/wp-content\/uploads\/2023\/12\/DALL%C2%B7E-2023-12-29-14.27.46-A-group-of-male-and-female-German-executives-in-a-boardroom-setting-dressed-in-formal-business-attire.-They-are-laughing-in-an-exaggerated-arrogant.png?fit=2000%2C1143&ssl=1","jetpack_likes_enabled":true,"jetpack_sharing_enabled":true,"jetpack_shortlink":"https:\/\/wp.me\/pblxuj-A1","amp_enabled":true,"_links":{"self":[{"href":"https:\/\/futureangst.com\/fr\/wp-json\/wp\/v2\/posts\/2233","targetHints":{"allow":["GET"]}}],"collection":[{"href":"https:\/\/futureangst.com\/fr\/wp-json\/wp\/v2\/posts"}],"about":[{"href":"https:\/\/futureangst.com\/fr\/wp-json\/wp\/v2\/types\/post"}],"author":[{"embeddable":true,"href":"https:\/\/futureangst.com\/fr\/wp-json\/wp\/v2\/users\/8770504"}],"replies":[{"embeddable":true,"href":"https:\/\/futureangst.com\/fr\/wp-json\/wp\/v2\/comments?post=2233"}],"version-history":[{"count":4,"href":"https:\/\/futureangst.com\/fr\/wp-json\/wp\/v2\/posts\/2233\/revisions"}],"predecessor-version":[{"id":2247,"href":"https:\/\/futureangst.com\/fr\/wp-json\/wp\/v2\/posts\/2233\/revisions\/2247"}],"wp:featuredmedia":[{"embeddable":true,"href":"https:\/\/futureangst.com\/fr\/wp-json\/wp\/v2\/media\/2218"}],"wp:attachment":[{"href":"https:\/\/futureangst.com\/fr\/wp-json\/wp\/v2\/media?parent=2233"}],"wp:term":[{"taxonomy":"category","embeddable":true,"href":"https:\/\/futureangst.com\/fr\/wp-json\/wp\/v2\/categories?post=2233"},{"taxonomy":"post_tag","embeddable":true,"href":"https:\/\/futureangst.com\/fr\/wp-json\/wp\/v2\/tags?post=2233"}],"curies":[{"name":"wp","href":"https:\/\/api.w.org\/{rel}","templated":true}]}}