{"id":2771,"date":"2024-07-27T18:13:35","date_gmt":"2024-07-27T18:13:35","guid":{"rendered":"https:\/\/futureangst.com\/2024\/07\/27\/ce-qui-me-declenche\/"},"modified":"2024-07-27T20:27:57","modified_gmt":"2024-07-27T20:27:57","slug":"ce-qui-me-declenche","status":"publish","type":"post","link":"https:\/\/futureangst.com\/fr\/2024\/07\/27\/ce-qui-me-declenche\/","title":{"rendered":"Ce qui me d\u00e9clenche"},"content":{"rendered":"\n<p class=\"wp-block-paragraph\">Des amis me font r\u00e9guli\u00e8rement remarquer que sur des m\u00e9dias sociaux comme LinkedIn, ils tombent r\u00e9guli\u00e8rement sur mes commentaires qu&rsquo;ils aimeraient lire pour leur \u00ab\u00a0saveur\u00a0\u00bb. Par \u00ab\u00a0piment\u00a0\u00bb, ils entendent mes r\u00e9ponses, qui mettent en cause certains posters ou \u00e9clairent leurs affirmations de mani\u00e8re critique, parfois m\u00eame sacril\u00e8ge.<\/p>\n\n\n\n<p class=\"wp-block-paragraph\">Je suis s\u00fbr que tout le monde n&rsquo;aime pas mes commentaires et que le sarcasme n&rsquo;est pas toujours la meilleure forme de r\u00e9ponse, mais il y a un certain syst\u00e8me derri\u00e8re mes r\u00e9actions. Il y a certains types de commentaires qui me d\u00e9clenchent.<\/p>\n\n\n\n<p class=\"wp-block-paragraph\">Ceux qui me connaissent savent que je suis assez ouvert \u00e0 de nombreuses nouvelles technologies. J&rsquo;essaie tout d&rsquo;abord de comprendre comment elles fonctionnent et quelles opportunit\u00e9s et possibilit\u00e9s elles offrent. C&rsquo;est une t\u00e2che tr\u00e8s difficile, que les meilleurs esprits ne peuvent pas pr\u00e9dire avec pr\u00e9cision. M\u00eame Steve Jobs, lorsqu&rsquo;il a pr\u00e9sent\u00e9 l&rsquo;iPhone en 2007, n&rsquo;a pas fait de d\u00e9monstration fondamentalement nouvelle. Lire ses e-mails, prendre une photo, lire un article du New York Times, supprimer un contact, r\u00e9pondre \u00e0 un appel. Pas de Tinder, de Google Maps, d&rsquo;\u00e9valuation de restaurant sur Yelp, de jeu vid\u00e9o, d&rsquo;application de jogging ou de commande de drone \u00e0 des kilom\u00e8tres \u00e0 la ronde.<\/p>\n\n\n\n<p class=\"wp-block-paragraph\">Il est assez difficile d&rsquo;identifier ces possibilit\u00e9s. Il est en revanche beaucoup plus facile de trouver le cheveu dans la soupe. Tous les dangers et risques possibles, m\u00eame s&rsquo;ils ne se sont jamais concr\u00e9tis\u00e9s par la suite. Je ne veux pas minimiser l&rsquo;int\u00e9r\u00eat de certaines technologies (pour moi, par exemple, tout ce qui tourne autour des cryptomonnaies) et les risques, car personne ne veut subir de dommages. Mais comme l&rsquo;a dit <a href=\"https:\/\/futureangst.com\/fr\/2024\/07\/01\/jony-ive-parle-de-creativite-didees-et-de-curiosite\/\" data-type=\"post\" data-id=\"2541\" target=\"_blank\" rel=\"noreferrer noopener\">Jony Ive<\/a>, une id\u00e9e est si fragile au d\u00e9part qu&rsquo;il faut la prot\u00e9ger.<\/p>\n\n\n\n<p class=\"wp-block-paragraph\">Quels types de contributions sur les technologies et leurs effets me poussent \u00e0 faire des commentaires \u00ab\u00a0\u00e9pic\u00e9s\u00a0\u00bb ? Trois crit\u00e8res g\u00e9n\u00e9raux doivent \u00eatre pr\u00e9sents dans cette combinaison et me servir de base :<\/p>\n\n\n\n<ul class=\"wp-block-list\">\n<li>Arroganz<\/li>\n\n\n\n<li>Ignoranz<\/li>\n\n\n\n<li>L&rsquo;\u00e9go\u00efsme<\/li>\n<\/ul>\n\n\n\n<p class=\"wp-block-paragraph\">Voici une liste non exhaustive de diff\u00e9rents types :<\/p>\n\n\n\n<h3 class=\"wp-block-heading\">Type 1 : Affirmations absolues<\/h3>\n\n\n\n<p class=\"wp-block-paragraph\">Il y a des personnes qui sont tellement s\u00fbres de leurs connaissances qu&rsquo;elles font des affirmations absolues. 2+2=4. C&rsquo;est un savoir av\u00e9r\u00e9. Mais qu&rsquo;en est-il des connaissances qui ne sont pas s\u00fbres, en particulier celles qui ne se situent pas dans le pass\u00e9 ou le pr\u00e9sent ? Nous savons que les pr\u00e9visions sont difficiles, surtout lorsqu&rsquo;elles concernent l&rsquo;avenir. C&rsquo;est pourquoi les affirmations concernant les technologies qui brillent par leur certitude absolue quant \u00e0 leur d\u00e9veloppement futur sont souvent un chiffon rouge pour moi. Surtout lorsque l&rsquo;histoire nous a transmis des affirmations similaires qui se sont tr\u00e8s vite r\u00e9v\u00e9l\u00e9es tout aussi absolument fausses.<\/p>\n\n\n\n<p class=\"wp-block-paragraph\">Voici un premier exemple :<\/p>\n\n\n\n<blockquote class=\"wp-block-quote is-layout-flow wp-block-quote-is-layout-flow\">\n<p class=\"wp-block-paragraph\">Aucune des personnes qui lisent ces lignes ne pourra jamais, de son vivant, effectuer n&rsquo;importe quel trajet avec son v\u00e9hicule \u00ab\u00a0autonome\u00a0\u00bb. &#8211; <a href=\"https:\/\/www.linkedin.com\/feed\/update\/urn:li:activity:7220803299627708416\/?commentUrn=urn%3Ali%3Acomment%3A(activity%3A7220803299627708416%2C7220814234085978112)&amp;dashCommentUrn=urn%3Ali%3Afsd_comment%3A(7220814234085978112%2Curn%3Ali%3Aactivity%3A7220803299627708416)\" target=\"_blank\" rel=\"noreferrer noopener\">Michael Feiten<\/a><\/p>\n<\/blockquote>\n\n\n\n<p class=\"wp-block-paragraph\">D&rsquo;une part, cette affirmation a \u00e9t\u00e9 faite, comme c&rsquo;est souvent le cas, sans \u00eatre \u00e9tay\u00e9e par des arguments objectifs. Les raisons de cette affirmation n&rsquo;ont pas \u00e9t\u00e9 \u00e9num\u00e9r\u00e9es. D&rsquo;autre part, cette affirmation vient avec une certitude qui ne laisse aucun doute sur ce r\u00e9sultat. Pas de \u00ab\u00a0je pense que\u2026\u00a0\u00bb prudent ou de \u00ab\u00a0je suis sceptique, mais je me laisserai volontiers convaincre du contraire\u00a0\u00bb.<\/p>\n\n\n\n<p class=\"wp-block-paragraph\">Un autre exemple m&rsquo;a \u00e9t\u00e9 donn\u00e9 \u00e0 l&rsquo;universit\u00e9 technique de Munich, lorsque j&rsquo;y ai parl\u00e9 des voitures autonomes en 2019. Un dipl\u00f4m\u00e9 en physique de l&rsquo;universit\u00e9 technique de Munich m&rsquo;a dit<\/p>\n\n\n\n<blockquote class=\"wp-block-quote is-layout-flow wp-block-quote-is-layout-flow\">\n<p class=\"wp-block-paragraph\">Je poss\u00e8de un chalet dans les Alpes bavaroises. En hiver, il y a de la neige sur 10 kilom\u00e8tres. Une voiture autonome ne pourra jamais parcourir cette distance.<\/p>\n<\/blockquote>\n\n\n\n<p class=\"wp-block-paragraph\">Notez que c&rsquo;\u00e9tait en 2019, l&rsquo;ann\u00e9e o\u00f9 nous avons comm\u00e9mor\u00e9 le 50e anniversaire de l&rsquo;alunissage et l&rsquo;ann\u00e9e o\u00f9 la sonde Voyager 2 a \u00e9t\u00e9 la deuxi\u00e8me \u00e0 p\u00e9n\u00e9trer dans l&rsquo;espace interstellaire. Mais une voiture autonome ne pourra jamais parcourir 10 kilom\u00e8tres sur la neige.<\/p>\n\n\n\n<p class=\"wp-block-paragraph\">Les affirmations absolues sur ce qu&rsquo;une machine peut ou doit, ou ne peut ou ne doit pas, se d\u00e9clinent dans toutes les nuances. Comme ici dans cet <a href=\"https:\/\/www.linkedin.com\/feed\/update\/urn:li:activity:7221451518414069761?commentUrn=urn%3Ali%3Acomment%3A%28activity%3A7221451518414069761%2C7221458532917784576%29&amp;replyUrn=urn%3Ali%3Acomment%3A%28activity%3A7221451518414069761%2C7222123583383236609%29&amp;dashCommentUrn=urn%3Ali%3Afsd_comment%3A%287221458532917784576%2Curn%3Ali%3Aactivity%3A7221451518414069761%29&amp;dashReplyUrn=urn%3Ali%3Afsd_comment%3A%287222123583383236609%2Curn%3Ali%3Aactivity%3A7221451518414069761%29\" target=\"_blank\" rel=\"noreferrer noopener\">exemple<\/a> :<\/p>\n\n\n\n<blockquote class=\"wp-block-quote is-layout-flow wp-block-quote-is-layout-flow\">\n<p class=\"wp-block-paragraph\">De plus, les soins sont \u00e0 mon avis un travail hautement qualifi\u00e9 qu&rsquo;aucune machine ne peut ou ne devrait assumer.<\/p>\n<\/blockquote>\n\n\n\n<p class=\"wp-block-paragraph\">Les commentaires qui g\u00e9n\u00e9ralisent les soi-disant preuves anecdotiques, qui dans de nombreux cas sont \u00e9galement fausses ou fortement exag\u00e9r\u00e9es, ne sont pas meilleurs.<\/p>\n\n\n\n<blockquote class=\"wp-block-quote is-layout-flow wp-block-quote-is-layout-flow\">\n<p class=\"wp-block-paragraph\">Un ami a conduit une voiture \u00e9lectrique et a depuis un cancer des testicules d\u00fb au champ \u00e9lectrique.<\/p>\n<\/blockquote>\n\n\n\n<p class=\"wp-block-paragraph\">L&rsquo;histoire regorge d&rsquo;affirmations absolues, dont certaines se sont tr\u00e8s vite r\u00e9v\u00e9l\u00e9es fausses, comme celle-ci :<\/p>\n\n\n\n<ul class=\"wp-block-list\">\n<li>Le 9.10.1903, un <a href=\"https:\/\/en.wikipedia.org\/wiki\/Flying_Machines_Which_Do_Not_Fly\" target=\"_blank\" rel=\"noreferrer noopener\">\u00e9ditorial<\/a> du New York Times affirmait que les machines volantes n&rsquo;existeraient pas avant un \u00e0 dix millions d&rsquo;ann\u00e9es. Le 17.12.1903, le premier vol en Kitty Hawk a \u00e9t\u00e9 effectu\u00e9 par les fr\u00e8res Wright.<\/li>\n\n\n\n<li>En f\u00e9vrier 2023, GPT 3.5 a \u00e9chou\u00e9 au <a href=\"https:\/\/www.br.de\/nachrichten\/netzwelt\/chatgpt-schafft-die-ki-das-bayerische-abitur,TVBjrXE\" target=\"_blank\" rel=\"noreferrer noopener\">baccalaur\u00e9at bavarois<\/a>. En mai 2023, GPT 4.0 a r\u00e9ussi avec brio le <a href=\"https:\/\/www.rtl.de\/cms\/chatgpt-schafft-abiturpruefung-in-bayern-diese-noten-bekam-die-kuenstliche-intelligenz-5045025.html\" target=\"_blank\" rel=\"noreferrer noopener\">baccalaur\u00e9at bavarois<\/a>.<\/li>\n\n\n\n<li>Jusqu&rsquo;\u00e0 r\u00e9cemment, tout le monde pensait que les voitures sans chauffeur n&rsquo;existeraient que dans 10 ou 20 ans, voire jamais. Entre-temps, j&rsquo;ai conduit plus de 200 fois des voitures sans chauffeur \u00e0 San Francisco. Il en existe aussi \u00e0 Ph\u00f6nix, Austin, Los Angeles, Shanghai, Shenzhen, P\u00e9kin, etc.<\/li>\n<\/ul>\n\n\n\n<h3 class=\"wp-block-heading\">Type 2 : Tout \u00e9tait mieux avant<\/h3>\n\n\n\n<p class=\"wp-block-paragraph\">Une <a href=\"https:\/\/onlinelibrary.wiley.com\/doi\/abs\/10.1002\/%28SICI%291099-0720%28199710%2911%3A5%3C399%3A%3AAID-ACP462%3E3.0.CO%3B2-E\" target=\"_blank\" rel=\"noreferrer noopener\">\u00e9tude<\/a> de 1997 a montr\u00e9 qu&rsquo;avec le temps, les souvenirs d\u00e9sagr\u00e9ables s&rsquo;estompent plus rapidement que les souvenirs agr\u00e9ables. Les chercheurs expliquent ce ph\u00e9nom\u00e8ne par un m\u00e9canisme d&rsquo;autoprotection qui nous \u00e9viterait de trop nous attarder sur des souvenirs n\u00e9gatifs. Cette nostalgie du pass\u00e9 contraste souvent fortement avec la r\u00e9alit\u00e9 du pr\u00e9sent.<\/p>\n\n\n\n<p class=\"wp-block-paragraph\">Voici un exemple de la mani\u00e8re dont cet argument est avanc\u00e9 par la biom\u00e9dicale <a href=\"https:\/\/www.linkedin.com\/feed\/update\/urn:li:activity:7217395285738586112\" target=\"_blank\" rel=\"noreferrer noopener\">Hannah Samira Schmidt<\/a> dans un <a href=\"https:\/\/www.linkedin.com\/feed\/update\/urn:li:activity:7217395285738586112\" target=\"_blank\" rel=\"noreferrer noopener\">post LinkedIn<\/a> :<\/p>\n\n\n\n<blockquote class=\"wp-block-quote is-layout-flow wp-block-quote-is-layout-flow\">\n<p class=\"wp-block-paragraph\">Autrefois, les aliments bio ne s&rsquo;appelaient pas \u00ab\u00a0bio\u00a0\u00bb.<br>C&rsquo;\u00e9tait simplement de la nourriture.<br>Avant, les \u0153ufs et la volaille de poules \u00e9lev\u00e9es en plein air ne s&rsquo;appelaient pas \u00ab\u00a0poules \u00e9lev\u00e9es en plein air\u00a0\u00bb.<br>C&rsquo;\u00e9tait simplement des \u0153ufs et de la volaille.<br>[\u2026] Pouvons-nous laisser la nature faire son travail ?<br>&#8211; <a href=\"https:\/\/www.linkedin.com\/feed\/update\/urn:li:activity:7217395285738586112\" target=\"_blank\" rel=\"noreferrer noopener\">Hannah Samira Schmidt<\/a><\/p>\n<\/blockquote>\n\n\n\n<p class=\"wp-block-paragraph\">J&rsquo;ai r\u00e9dig\u00e9 une <a href=\"https:\/\/futureangst.com\/fr\/2024\/07\/19\/aujourdhui-il-faut-ecrire-bio-dessus-alors-quavant-il-suffisait-decrire-volaille-et-oeuf\/\" data-type=\"post\" data-id=\"2673\" target=\"_blank\" rel=\"noreferrer noopener\">longue r\u00e9ponse<\/a> \u00e0 ce post pr\u00e9cis &#8211; qui m&rsquo;a fait r\u00e9agir en raison de l&rsquo;absence de connaissances historiques &#8211; et qui r\u00e9v\u00e8le l&rsquo;absurdit\u00e9 de ce souhait.<\/p>\n\n\n\n<h3 class=\"wp-block-heading\">Type 3 : Connaissances de base<\/h3>\n\n\n\n<p class=\"wp-block-paragraph\">\u00ab\u00a0Les pr\u00e9jug\u00e9s sont pratiques, car ils nous aident \u00e0 classer rapidement les personnes ou les exp\u00e9riences\u00a0\u00bb, dit-on.<\/p>\n\n\n\n<p class=\"wp-block-paragraph\">L&rsquo;inconnu suscite la peur et la crainte, ou du moins la prudence. Car c&rsquo;est ce qui nous a aid\u00e9s \u00e0 survivre en tant qu&rsquo;\u00eatres humains. Ceux qui ont go\u00fbt\u00e9 \u00e0 la nouveaut\u00e9 ou qui se sont approch\u00e9s de la nouveaut\u00e9 sans en conna\u00eetre les dangers sont plus susceptibles de mourir. G\u00e9n\u00e9tiquement, nous avons donc h\u00e9rit\u00e9 de la peur de la nouveaut\u00e9.<\/p>\n\n\n\n<p class=\"wp-block-paragraph\">Il n&rsquo;est donc pas \u00e9tonnant que de telles \u00ab\u00a0connaissances\u00a0\u00bb soient transmises \u00e0 la table des habitu\u00e9s.<\/p>\n\n\n\n<ul class=\"wp-block-list\">\n<li>En hiver, dans les embouteillages, on meurt de froid dans les voitures \u00e9lectriques (voir <a href=\"https:\/\/thelastdriverlicenseholder.com\/myths\/\" target=\"_blank\" rel=\"noreferrer noopener\">mythes<\/a>)<\/li>\n\n\n\n<li>Les \u00ab\u00a0infrasons\u00a0\u00bb des \u00e9oliennes sont nocifs<\/li>\n\n\n\n<li>L&rsquo;extraction du lithium n\u00e9cessite trop d&rsquo;eau (voir <a href=\"https:\/\/thelastdriverlicenseholder.com\/myths\/\" target=\"_blank\" rel=\"noreferrer noopener\">mythes<\/a>)<\/li>\n\n\n\n<li>Les antennes de t\u00e9l\u00e9phonie mobile diffusent le COVID<\/li>\n<\/ul>\n\n\n\n<p class=\"wp-block-paragraph\">Ce type d&rsquo;arguments ne date pas d&rsquo;aujourd&rsquo;hui. Voici des exemples du pass\u00e9<\/p>\n\n\n\n<ul class=\"wp-block-list\">\n<li>Chemin de fer : les personnes ne peuvent pas survivre \u00e0 des vitesses sup\u00e9rieures \u00e0 35km\/h<\/li>\n\n\n\n<li>Ascenseur : on tombe malade en montant et en descendant (\u00ab\u00a0maladie de l&rsquo;ascenseur\u00a0\u00bb)<\/li>\n\n\n\n<li>Bicyclette : le \u00ab\u00a0visage de la bicyclette\u00a0\u00bb comme nouvelle maladie d\u00e9figurante<\/li>\n\n\n\n<li>Avion : le \u00ab\u00a0visage d&rsquo;a\u00e9roplane\u00a0\u00bb comme nouvelle maladie d\u00e9figurante<\/li>\n\n\n\n<li>Anesth\u00e9sie : la p\u00e9ridurale \u00e0 la naissance est contraire \u00e0 la religion (Gen\u00e8se 3,16)<\/li>\n\n\n\n<li>T\u00e9l\u00e9graphie : les fils t\u00e9l\u00e9graphiques propagent les maladies<\/li>\n<\/ul>\n\n\n\n<h3 class=\"wp-block-heading\">Type 4 : innocence par association<\/h3>\n\n\n\n<p class=\"wp-block-paragraph\">Dans cette forme, le commentateur fait appel \u00e0 un groupe opprim\u00e9 ou d\u00e9test\u00e9, dont il conna\u00eet soi-m\u00eame soi-disant quelqu&rsquo;un, et qui n&rsquo;est donc pas raciste, antis\u00e9mite, x\u00e9nophobe ou homophobe.<\/p>\n\n\n\n<p class=\"wp-block-paragraph\">En s&rsquo;associant \u00e0 ces personnes par le biais d&rsquo;une pr\u00e9tendue connaissance, on veut signaler que le reproche ou la phrase suivante montre que l&rsquo;on n&rsquo;est pas comme \u00e7a. Ou que les membres de ce groupe sont du m\u00eame avis que soi et qu&rsquo;il n&rsquo;y a donc pas de probl\u00e8me. Un exemple est l&rsquo;utilisation du mot \u00ab\u00a0N\u00a0\u00bb uniquement parce que l&rsquo;on a un ami \u00e0 la peau fonc\u00e9e qui utilise \u00e9galement ce mot et qui est d&rsquo;accord avec cela.<\/p>\n\n\n\n<blockquote class=\"wp-block-quote is-layout-flow wp-block-quote-is-layout-flow\">\n<p class=\"wp-block-paragraph\">Je connais suffisamment d&rsquo;homosexuels qui en ont assez des LGBTQ+quelque chose, qui refusent d\u00e9sormais le drapeau arc-en-ciel et qui n&rsquo;ont rien \u00e0 faire de \u00ab\u00a0queer\u00a0\u00bb. Ils disent clairement que ce th\u00e9\u00e2tre leur fait plut\u00f4t du mal et qu&rsquo;ils veulent juste vivre en paix.<\/p>\n<\/blockquote>\n\n\n\n<figure class=\"wp-block-embed is-type-rich is-provider-twitter wp-block-embed-twitter\"><div class=\"wp-block-embed__wrapper\">\n<blockquote class=\"twitter-tweet\" data-width=\"550\" data-dnt=\"true\"><p lang=\"de\" dir=\"ltr\">Ich kenne genug Homosexuelle, die die Schnauze voll haben von LGBTQ+wasauchimmer, die die Regenbogenfahne mittlerweile ablehnen und mit \u201equeer\u201c gar nichts anfangen k\u00f6nnen. Die deutlich sagen, dass es ihnen dieses Theater eher schadet und dass sie nur in Ruhe leben wollen. <a href=\"https:\/\/twitter.com\/hashtag\/CSD?src=hash&amp;ref_src=twsrc%5Etfw\">#CSD<\/a><\/p>&mdash; Joana Cotar (@JoanaCotar) <a href=\"https:\/\/twitter.com\/JoanaCotar\/status\/1815005297435426872?ref_src=twsrc%5Etfw\">July 21, 2024<\/a><\/blockquote><script async src=\"https:\/\/platform.twitter.com\/widgets.js\" charset=\"utf-8\"><\/script>\n<\/div><\/figure>\n\n\n\n<p class=\"wp-block-paragraph\">L&rsquo;\u00e9vidence anecdotique est transpos\u00e9e \u00e0 la g\u00e9n\u00e9ralit\u00e9 et donc r\u00e9interpr\u00e9t\u00e9e comme acceptable.<\/p>\n\n\n\n<h3 class=\"wp-block-heading\">Typ 5 : Injures<\/h3>\n\n\n\n<p class=\"wp-block-paragraph\">Il est facile de coller une \u00e9tiquette sur les autres, car cela facilite la cat\u00e9gorisation et \u00e9vite d&rsquo;avoir \u00e0 se confronter soi-m\u00eame aux arguments, car ceux-ci proviendraient d&rsquo;un comportement irrationnel des adversaires de la discussion.<\/p>\n\n\n\n<p class=\"wp-block-paragraph\">L&rsquo;un de ces termes est celui de \u00ab\u00a0fanboys de Tesla\u00a0\u00bb, que l&rsquo;on utilise volontiers lorsqu&rsquo;il est question de voitures \u00e9lectriques. Il s&rsquo;agit d&rsquo;adeptes non critiques qui appartiennent \u00e0 un culte et qui ne pourraient donc plus penser de mani\u00e8re rationnelle.<\/p>\n\n\n\n<h3 class=\"wp-block-heading\">Type 6 : quelque chose est un battage publicitaire<\/h3>\n\n\n\n<p class=\"wp-block-paragraph\">Christof Kerkmann, r\u00e9dacteur au Handelsblatt, utilise ce mot dans un <a href=\"https:\/\/www.handelsblatt.com\/meinung\/kommentare\/kuenstliche-intelligenz-der-hype-naehert-sich-dem-ende\/100053254.html\" target=\"_blank\" rel=\"noreferrer noopener\">article sur l&rsquo;IA<\/a> et est \u00e9galement fier des <a href=\"https:\/\/www.linkedin.com\/posts\/christof-kerkmann-86647729_mit-dieser-these-habe-ich-j%C3%BCngst-f%C3%BCr-viel-activity-7222558047649370112-t5lN\/\" target=\"_blank\" rel=\"noreferrer noopener\">r\u00e9actions excit\u00e9es<\/a>.<\/p>\n\n\n\n<p class=\"wp-block-paragraph\">L&rsquo;utilisation du terme \u00ab\u00a0hype\u00a0\u00bb est toujours un probl\u00e8me pour moi. En effet, il laisse entendre qu&rsquo;il s&rsquo;agit simplement d&rsquo;un ph\u00e9nom\u00e8ne de mode qui dispara\u00eetra bient\u00f4t. Le signal que les journalistes\/m\u00e9dias envoient aux entreprises et au public, ou les managers \u00e0 leurs collaborateurs, ou encore les commentateurs aux autres lecteurs, est que cela ne vaut pas la peine de s&rsquo;occuper de cette tendance. Ce serait une perte de temps et une mauvaise utilisation des ressources.<\/p>\n\n\n\n<p class=\"wp-block-paragraph\">C&rsquo;est peut-\u00eatre vrai pour de nombreuses tendances, mais si nos entreprises, nos employ\u00e9s et notre soci\u00e9t\u00e9 ne s&rsquo;y int\u00e9ressent pas en raison d&rsquo;une soi-disant \u00ab\u00a0hype\u00a0\u00bb, alors nous reculons en tant que pays et soci\u00e9t\u00e9. Une fois de plus.<\/p>\n\n\n\n<p class=\"wp-block-paragraph\">Car combien de fois avons-nous entendu dire que les voitures \u00e9lectriques, par exemple, n&rsquo;\u00e9taient qu&rsquo;un battage publicitaire ? Qu&rsquo;Internet n&rsquo;est qu&rsquo;un <a href=\"https:\/\/www.derstandard.at\/story\/496477\/internet-wird-kein-massenmedium\" target=\"_blank\" rel=\"noreferrer noopener\">battage publicitaire<\/a> ? Que l&rsquo;entreprise Tesla, qui fait l&rsquo;objet d&rsquo;un tel engouement, ferait de toute fa\u00e7on bient\u00f4t faillite ?<\/p>\n\n\n\n<figure class=\"wp-block-image size-large has-lightbox\"><a href=\"https:\/\/www.derstandard.at\/story\/496477\/internet-wird-kein-massenmedium\" target=\"_blank\" rel=\"noreferrer noopener\"><img data-recalc-dims=\"1\" loading=\"lazy\" decoding=\"async\" width=\"720\" height=\"430\" src=\"https:\/\/i0.wp.com\/futureangst.com\/wp-content\/uploads\/2024\/07\/Internet-Hype-Horx.png?resize=720%2C430&#038;ssl=1\" alt=\"\" class=\"wp-image-2718\" srcset=\"https:\/\/i0.wp.com\/futureangst.com\/wp-content\/uploads\/2024\/07\/Internet-Hype-Horx.png?resize=1024%2C611&amp;ssl=1 1024w, https:\/\/i0.wp.com\/futureangst.com\/wp-content\/uploads\/2024\/07\/Internet-Hype-Horx.png?resize=300%2C179&amp;ssl=1 300w, https:\/\/i0.wp.com\/futureangst.com\/wp-content\/uploads\/2024\/07\/Internet-Hype-Horx.png?resize=768%2C459&amp;ssl=1 768w, https:\/\/i0.wp.com\/futureangst.com\/wp-content\/uploads\/2024\/07\/Internet-Hype-Horx.png?resize=1200%2C716&amp;ssl=1 1200w, https:\/\/i0.wp.com\/futureangst.com\/wp-content\/uploads\/2024\/07\/Internet-Hype-Horx.png?resize=100%2C60&amp;ssl=1 100w, https:\/\/i0.wp.com\/futureangst.com\/wp-content\/uploads\/2024\/07\/Internet-Hype-Horx.png?w=1350&amp;ssl=1 1350w\" sizes=\"auto, (max-width: 720px) 100vw, 720px\" \/><\/a><\/figure>\n\n\n\n<p class=\"wp-block-paragraph\">Dans le m\u00eame temps, ces m\u00eames m\u00e9dias et commentateurs se plaignent que notre \u00e9conomie serait \u00e0 la tra\u00eene de ces \u00e9volutions et que nous n&rsquo;aurions pas d&rsquo;entreprises et de technologies \u00e0 la pointe de ces d\u00e9veloppements majeurs ?<\/p>\n\n\n\n<p class=\"wp-block-paragraph\">Si nous consid\u00e9rons les grands d\u00e9veloppements technologiques de ces derni\u00e8res ann\u00e9es, comme l&rsquo;Internet, les appareils mobiles, le cloud, les voitures \u00e9lectriques, l&rsquo;IA ou la conduite autonome, et que nous nous demandons quelles entreprises allemandes y jouent un r\u00f4le influent, nous nous rendons vite compte qu&rsquo;il n&rsquo;y en a pas une seule, ni m\u00eame, dans la plupart des cas, une entreprise europ\u00e9enne.<\/p>\n\n\n\n<p class=\"wp-block-paragraph\">Sans doute parce que nous appelons tout un battage m\u00e9diatique et que nous nous sentons extr\u00eamement intelligents parce que nous sommes les seuls \u00e0 le reconna\u00eetre. Et nous laissons ainsi la place aux autres, qui essaient de comprendre activement un potentiel technologique et qui ont ainsi plusieurs it\u00e9rations d&rsquo;avance sur nous et peuvent alors saisir imm\u00e9diatement les opportunit\u00e9s qui se pr\u00e9sentent.<\/p>\n\n\n\n<p class=\"wp-block-paragraph\">C&rsquo;est pourquoi je propose de supprimer le mot \u00ab\u00a0hype\u00a0\u00bb de son propre vocabulaire et de s&rsquo;int\u00e9resser autant que possible \u00e0 toutes les tendances technologiques. Je le d\u00e9conseille d&rsquo;ailleurs d\u00e9j\u00e0 dans mon livre <a href=\"https:\/\/www.amazon.de\/dp\/3800659727\" target=\"_blank\" rel=\"noreferrer noopener\">Foresight Mindset<\/a>, o\u00f9 j&rsquo;\u00e9tudie les m\u00e9thodes de pr\u00e9vision de l&rsquo;avenir.<\/p>\n\n\n\n<div class=\"wp-block-jetpack-layout-grid alignfull column1-desktop-grid__span-7 column1-desktop-grid__row-1 column2-desktop-grid__span-5 column2-desktop-grid__start-8 column2-desktop-grid__row-1 column1-tablet-grid__span-5 column1-tablet-grid__row-1 column2-tablet-grid__span-3 column2-tablet-grid__start-6 column2-tablet-grid__row-1 column1-mobile-grid__span-4 column1-mobile-grid__row-1 column2-mobile-grid__span-4 column2-mobile-grid__row-2\">\n<div class=\"wp-block-jetpack-layout-grid-column wp-block-jetpack-layout-grid__padding-none\">\n<figure class=\"wp-block-image size-medium\"><a href=\"https:\/\/www.amazon.de\/Foresight-Mindset-Gesch%C3%A4ftsideen-fr%C3%BChzeitig-bestimmt\/dp\/3800659727\" target=\"_blank\" rel=\"noopener noreferrer\"><img data-recalc-dims=\"1\" decoding=\"async\" src=\"https:\/\/derletztefuehrerscheinneuling.files.wordpress.com\/2020\/09\/foresight-mindset-cover.png?w=720\" alt=\"\" class=\"wp-image-19830\"\/><\/a><\/figure>\n<\/div>\n\n\n\n<div class=\"wp-block-jetpack-layout-grid-column wp-block-jetpack-layout-grid__padding-none\">\n<p class=\"has-small-font-size wp-block-paragraph\">Als 1977 Elvis Presley starb, wuchs die Zahl an Elvis-Imitatoren in kurzer Zeit so sprunghaft an, dass bei einer Fortsetzung des Trends im Jahr 2000 ein Drittel aller Amerikaner ihren Unterhalt als Elvis-Imitatoren verdienen w\u00fcrden.<br>Wieso kam es aber nicht dazu? Das l\u00e4sst sich mit den Methoden des Foresight Mindsets erkl\u00e4ren.<br><strong>Zukunft l\u00e4sst sich vorhersagen.<\/strong> Einigerma\u00dfen, mit einer gewissen Unsch\u00e4rfe jedenfalls. <strong>Diese Disziplin ist erlernbar <\/strong>und das ist zugleich die gute Nachricht. Man muss nicht erst auf Futuristen und Zukunftsforscher warten, die einem die n\u00e4chsten Trends erkl\u00e4ren. Organisationen k\u00f6nnen sich selbst darauf vorbereiten und ein <strong>strategisches Set an Werkzeugen <\/strong>in ihren Kanon aufnehmen. Die Werkzeugkiste in diesem Buch hilft dabei nicht nur zu reagieren, sondern erm\u00f6glicht, von Anfang an die <strong>Gestaltung der Zukunft mitzubestimmen.<\/strong><\/p>\n\n\n\n<p class=\"wp-block-paragraph\" style=\"font-size:14px\">\u20ac29,80 | 278 Seiten | 2.4.2019<br><a rel=\"noreferrer noopener\" href=\"https:\/\/www.amazon.de\/Foresight-Mindset-Gesch%C3%A4ftsideen-fr%C3%BChzeitig-bestimmt\/dp\/3800659727\" target=\"_blank\">Amazon<\/a> | <a rel=\"noreferrer noopener\" href=\"https:\/\/www.boersenmedien.de\/produkt\/wenn-affen-von-affen-lernen-1745.html\" target=\"_blank\">Verlag Franz V<\/a><a href=\"http:\/\/www.vahlen.de\/productview.aspx?product=26938018\" target=\"_blank\" rel=\"noreferrer noopener\">ahlen <\/a><\/p>\n<\/div>\n<\/div>\n\n\n\n<h3 class=\"wp-block-heading\">Typ 7 : Antipathie<\/h3>\n\n\n\n<p class=\"wp-block-paragraph\">Un nombre \u00e9tonnant de personnes se laissent guider par leur antipathie envers certaines personnes, mais n\u00e9gligent souvent celles qui font vraiment du mal au monde. Ainsi, il est facile de d\u00e9tester Elon Musk, le patron de SpaceX et de Tesla &#8211; et il ne peut s&rsquo;en prendre qu&rsquo;\u00e0 lui-m\u00eame &#8211; et de rabaisser son travail sur des produits plus \u00e9cologiques que les personnes qui nuisent r\u00e9ellement et activement \u00e0 l&rsquo;environnement et \u00e0 l&rsquo;humanit\u00e9. Les fr\u00e8res Koch ou les PDG de soci\u00e9t\u00e9s p\u00e9troli\u00e8res ou d&rsquo;armement ne les polarisent pas autant et ne leur viennent donc pas \u00e0 l&rsquo;esprit.<\/p>\n\n\n\n<p class=\"wp-block-paragraph\">C&rsquo;est en quelque sorte de l&rsquo;hypocrisie, car si les gens se souciaient vraiment de ces questions, ils choisiraient des cibles plus appropri\u00e9es pour leur antipathie.<\/p>\n\n\n\n<h3 class=\"wp-block-heading\">Type 8 : disproportionn\u00e9<\/h3>\n\n\n\n<p class=\"wp-block-paragraph\">Ces derniers temps, je remarque \u00e9galement de plus en plus que des mesures disproportionn\u00e9es sont exig\u00e9es ou menac\u00e9es. Ainsi, les colleurs de climat (apr\u00e8s les activistes de Friday4Future) semblent \u00eatre devenus la cible de la col\u00e8re citoyenne. il suffit de regarder le fil Twitter suivant :<\/p>\n\n\n\n<figure class=\"wp-block-embed is-type-rich is-provider-twitter wp-block-embed-twitter\"><div class=\"wp-block-embed__wrapper\">\n<blockquote class=\"twitter-tweet\" data-width=\"550\" data-dnt=\"true\"><p lang=\"de\" dir=\"ltr\">Obacht Klima-Aktivisten: wer die Luftfahrt behindert wird ziemlich hart bestraft. Das ist kein Verwaltungsdelikt mehr, sondern da drohen schon beim ersten Mal jahrelange Haft. <a href=\"https:\/\/t.co\/FjeFBAF61Q\">pic.twitter.com\/FjeFBAF61Q<\/a><\/p>&mdash; Florian Klenk (@florianklenk) <a href=\"https:\/\/twitter.com\/florianklenk\/status\/1816915530898637228?ref_src=twsrc%5Etfw\">July 26, 2024<\/a><\/blockquote><script async src=\"https:\/\/platform.twitter.com\/widgets.js\" charset=\"utf-8\"><\/script>\n<\/div><\/figure>\n\n\n\n<p class=\"wp-block-paragraph\">On commence par menacer de mani\u00e8re implicite les possibilit\u00e9s l\u00e9gales, sauf que l&rsquo;un des commentateurs s&rsquo;en prend ensuite aux activistes, jeunes pour la plupart, et veut leur dicter ce qui serait plus important. Comme si l&rsquo;humanit\u00e9 ne pouvait s&rsquo;attaquer qu&rsquo;\u00e0 un seul probl\u00e8me \u00e0 la fois.<\/p>\n\n\n\n<blockquote class=\"wp-block-quote is-layout-flow wp-block-quote-is-layout-flow\">\n<p class=\"wp-block-paragraph\">Ces machos du climat croient avoir mang\u00e9 la sagesse ! Et tant que des guerres seront men\u00e9es, le changement climatique sera un probl\u00e8me mineur pour de nombreuses personnes !<\/p>\n<\/blockquote>\n\n\n\n<p class=\"wp-block-paragraph\">Ces arguments sont \u00e9galement encourag\u00e9s par un manque de connaissances historiques. En effet, compar\u00e9s aux terroristes de la RAF des ann\u00e9es 1970 et 1980 qui commettaient des attentats, d\u00e9valisaient des banques, faisaient exploser des explosifs et enlevaient et tuaient des personnes, les colleurs de climat sont tr\u00e8s inoffensifs. Et pourtant, on veut les enfermer pendant des d\u00e9cennies et on les menace des mesures les plus s\u00e9v\u00e8res.<\/p>\n\n\n\n<h3 class=\"wp-block-heading\">Type 9 : Nous devons d&rsquo;abord\u2026<\/h3>\n\n\n\n<p class=\"wp-block-paragraph\">Les gens sont toujours d&rsquo;avis qu&rsquo;avant d&rsquo;aller dans l&rsquo;espace ou de s&rsquo;attaquer au changement climatique, il faut d&rsquo;abord r\u00e9soudre la faim\/la pauvret\u00e9\/la guerre\/etc., surtout si la personne qui ex\u00e9cute le projet n&rsquo;est pas sympathique.<\/p>\n\n\n\n<p class=\"wp-block-paragraph\">Il y a plusieurs arguments contre cela. Tout d&rsquo;abord, l&rsquo;humanit\u00e9 est tout \u00e0 fait capable de s&rsquo;attaquer \u00e0 plusieurs probl\u00e8mes \u00e0 la fois. Si nous ne pouvions en aborder qu&rsquo;un seul, et si nous prenions vraiment cet appel au s\u00e9rieux, toutes les professions et activit\u00e9s qui ne le soutiennent pas directement devraient \u00eatre abandonn\u00e9es. Un ami designer qui s&rsquo;insurge contre le programme de fus\u00e9es d&rsquo;Elon Musk ne devrait alors plus se rendre \u00e0 des concerts et exercer son m\u00e9tier, car celui-ci ne contribue absolument pas \u00e0 r\u00e9soudre le probl\u00e8me le plus important selon lui.<\/p>\n\n\n\n<p class=\"wp-block-paragraph\">D&rsquo;ailleurs, cela soul\u00e8ve plusieurs autres questions :<\/p>\n\n\n\n<ul class=\"wp-block-list\">\n<li>Qui d\u00e9termine en fait quel est le probl\u00e8me le plus important du moment ?<\/li>\n\n\n\n<li>Qui d\u00e9termine le moment o\u00f9 il est vraiment r\u00e9solu ?<\/li>\n\n\n\n<li>Pourrons-nous jamais r\u00e9soudre compl\u00e8tement un probl\u00e8me ou n&rsquo;y aura-t-il pas plut\u00f4t toujours de la faim ou de la pauvret\u00e9, quel que soit le nombre de personnes concern\u00e9es ?<\/li>\n<\/ul>\n\n\n\n<p class=\"wp-block-paragraph\">Et qu&rsquo;est-ce qui te d\u00e9clenche ? \u00c9cris-le dans le commentaire.<\/p>\n\n\n\n<h2 class=\"wp-block-heading\">Bonus<\/h2>\n\n\n\n<h3 class=\"wp-block-heading\"><strong>Comment r\u00e9agit-on \u00e0 ces commentaires ?<\/strong><\/h3>\n\n\n\n<p class=\"wp-block-paragraph\">Personne n&rsquo;aime entendre dire qu&rsquo;il ou elle a tort. Dans les comparaisons historiques, on fait volontiers remarquer que cette fois-ci, c&rsquo;est tout \u00e0 fait diff\u00e9rent et que la situation ne peut pas \u00eatre compar\u00e9e. Car cette fois-ci, les choses \u00e9voluent beaucoup plus rapidement, sont plus dangereuses ou les conditions g\u00e9n\u00e9rales renforcent l&rsquo;effet n\u00e9gatif.<\/p>\n\n\n\n<h3 class=\"wp-block-heading\"><strong>Quand sait-on que le posteur original ne peut plus pr\u00e9senter d&rsquo;arguments factuels ?<\/strong><\/h3>\n\n\n\n<p class=\"wp-block-paragraph\">A partir du moment o\u00f9 l&rsquo;on d\u00e9vie sur des points fallacieux. Une des astuces pr\u00e9f\u00e9r\u00e9es est de faire remarquer que l&rsquo;on ne s&rsquo;est jamais tutoy\u00e9 (je tutoie toujours sur LinkedIn).<\/p>\n\n\n\n<p class=\"wp-block-paragraph\">Une autre m\u00e9thode consiste \u00e0 r\u00e9pondre de mani\u00e8re maladroite que l&rsquo;on peut chercher soi-m\u00eame sur Google parce que l&rsquo;on n&rsquo;a pas le temps. Oui, on le remarque, car sinon la personne aurait recherch\u00e9 de meilleurs faits et arguments.<\/p>\n\n\n\n<h2 class=\"wp-block-heading\">Livre conseill\u00e9<\/h2>\n\n\n\n<p class=\"wp-block-paragraph\">Certaines de ces techniques utilis\u00e9es dans les discussions se trouvent dans mon livre <a href=\"https:\/\/www.boersenmedien.de\/produkt\/totschlagargumente-fuer-anfaenger-2641.html\" target=\"_blank\" rel=\"noreferrer noopener\">Arguments mortels pour les d\u00e9butants<\/a>. On y trouve de nombreux exemples avec un regard en forme de clin d&rsquo;\u0153il.<\/p>\n\n\n\n<div class=\"wp-block-jetpack-layout-grid alignfull column1-desktop-grid__span-6 column1-desktop-grid__row-1 column2-desktop-grid__span-6 column2-desktop-grid__start-7 column2-desktop-grid__row-1 column1-tablet-grid__span-4 column1-tablet-grid__row-1 column2-tablet-grid__span-4 column2-tablet-grid__start-5 column2-tablet-grid__row-1 column1-mobile-grid__span-4 column1-mobile-grid__row-1 column2-mobile-grid__span-4 column2-mobile-grid__row-2\">\n<div class=\"wp-block-jetpack-layout-grid-column wp-block-jetpack-layout-grid__padding-none\">\n<figure class=\"wp-block-image size-large\"><a href=\"https:\/\/www.amazon.de\/dp\/3864708133\/\" target=\"_blank\" rel=\"noreferrer noopener\"><img data-recalc-dims=\"1\" decoding=\"async\" src=\"https:\/\/derletztefuehrerscheinneuling.files.wordpress.com\/2022\/06\/totschlagargumente.jpg?w=720\" alt=\"\" class=\"wp-image-24471\"\/><\/a><\/figure>\n<\/div>\n\n\n\n<div class=\"wp-block-jetpack-layout-grid-column wp-block-jetpack-layout-grid__padding-none\">\n<p class=\"has-text-align-center wp-block-paragraph\"><strong>TOTSCHLARGUMENTE F\u00dcR ANF\u00c4NGER<\/strong><\/p>\n\n\n\n<p class=\"has-small-font-size wp-block-paragraph\">Ob Corona-Impfung oder Tempolimit, Erbschaftsteuer oder Aktienrente: Debattierfreudige Zeitgenossen finden in diesen Zeiten Themen en masse. Manche wollen wirklich debattieren, \u00fcberzeugen und auch lernen. Andere sind da eher simpler gestrickt und erkl\u00e4ren jeden, der nicht ihrer Meinung ist, f\u00fcr dumm, ungebildet oder einfach einen schlechten Menschen. Und eine dritte Spezies hat die Kunst des Totschlagarguments perfektioniert \u2013 und erstickt damit die meisten Diskussionen schnell in betretenem Schweigen. Floskeln von \u201eDas haben wir schon immer so gemacht\u201c bis hin zu \u201eDas trifft wieder nur den kleinen Mann\u201c begleiten uns zuhauf. Wie sie funktionieren, was man dagegen tun kann \u2013 und wie man sie im Notfall auch selber nutzt \u2013, erkl\u00e4rt der Autor von \u201e<a href=\"https:\/\/www.amazon.de\/dp\/3864707838\" target=\"_blank\" rel=\"noreferrer noopener\">Sorry not sorry<\/a>\u201c augenzwinkernd in diesem Buch.<\/p>\n\n\n\n<p class=\"has-small-font-size wp-block-paragraph\">Erh\u00e4ltlich im Buchhandel, beim <a href=\"https:\/\/www.boersenmedien.de\/produkt\/totschlagargumente-fuer-anfaenger-2641.html\">Verlag<\/a>  und bei <a href=\"https:\/\/www.amazon.de\/dp\/3864708133\/\">Amazon<\/a>.<\/p>\n<\/div>\n<\/div>\n","protected":false},"excerpt":{"rendered":"<p>Des amis me font r\u00e9guli\u00e8rement remarquer que sur des m\u00e9dias sociaux comme LinkedIn, ils tombent r\u00e9guli\u00e8rement sur mes commentaires qu&rsquo;ils aimeraient lire pour leur \u00ab\u00a0saveur\u00a0\u00bb. Par \u00ab\u00a0piment\u00a0\u00bb, ils entendent mes r\u00e9ponses, qui mettent en cause certains posters ou \u00e9clairent leurs &hellip; <a href=\"https:\/\/futureangst.com\/fr\/2024\/07\/27\/ce-qui-me-declenche\/\" class=\"more-link\">Continuer de lire <span class=\"screen-reader-text\">Ce qui me d\u00e9clenche<\/span><\/a><\/p>\n","protected":false},"author":8770504,"featured_media":2729,"comment_status":"open","ping_status":"open","sticky":false,"template":"","format":"standard","meta":{"_coblocks_attr":"","_coblocks_dimensions":"","_coblocks_responsive_height":"","_coblocks_accordion_ie_support":"","_crdt_document":"","advanced_seo_description":"","jetpack_seo_html_title":"","jetpack_seo_noindex":false,"_jetpack_newsletter_access":"","_jetpack_dont_email_post_to_subs":false,"_jetpack_newsletter_tier_id":0,"_jetpack_memberships_contains_paywalled_content":false,"_jetpack_memberships_contains_paid_content":false,"footnotes":"","jetpack_publicize_message":"","jetpack_publicize_feature_enabled":true,"jetpack_social_post_already_shared":true,"jetpack_social_options":{"image_generator_settings":{"template":"highway","default_image_id":0,"font":"","enabled":false},"version":2},"_wpas_customize_per_network":false,"jetpack_post_was_ever_published":false},"categories":[36166,35912],"tags":[],"class_list":{"0":"post-2771","1":"post","2":"type-post","3":"status-publish","4":"format-standard","5":"has-post-thumbnail","6":"hentry","7":"category-negativite","8":"category-technologie-fr-2","10":"fallback-thumbnail"},"jetpack_publicize_connections":[],"jetpack_featured_media_url":"https:\/\/i0.wp.com\/futureangst.com\/wp-content\/uploads\/2024\/07\/DALL%C2%B7E-2024-07-27-06.20.56-A-super-cute-bunny-transforming-into-a-raging-killer-bunny-in-a-Manga-style.-The-scene-should-be-split-into-two-parts_-on-the-left-the-adorable-bunny.png?fit=1792%2C1024&ssl=1","jetpack_likes_enabled":true,"jetpack_sharing_enabled":true,"jetpack_shortlink":"https:\/\/wp.me\/pblxuj-IH","amp_enabled":true,"_links":{"self":[{"href":"https:\/\/futureangst.com\/fr\/wp-json\/wp\/v2\/posts\/2771","targetHints":{"allow":["GET"]}}],"collection":[{"href":"https:\/\/futureangst.com\/fr\/wp-json\/wp\/v2\/posts"}],"about":[{"href":"https:\/\/futureangst.com\/fr\/wp-json\/wp\/v2\/types\/post"}],"author":[{"embeddable":true,"href":"https:\/\/futureangst.com\/fr\/wp-json\/wp\/v2\/users\/8770504"}],"replies":[{"embeddable":true,"href":"https:\/\/futureangst.com\/fr\/wp-json\/wp\/v2\/comments?post=2771"}],"version-history":[{"count":8,"href":"https:\/\/futureangst.com\/fr\/wp-json\/wp\/v2\/posts\/2771\/revisions"}],"predecessor-version":[{"id":2785,"href":"https:\/\/futureangst.com\/fr\/wp-json\/wp\/v2\/posts\/2771\/revisions\/2785"}],"wp:featuredmedia":[{"embeddable":true,"href":"https:\/\/futureangst.com\/fr\/wp-json\/wp\/v2\/media\/2729"}],"wp:attachment":[{"href":"https:\/\/futureangst.com\/fr\/wp-json\/wp\/v2\/media?parent=2771"}],"wp:term":[{"taxonomy":"category","embeddable":true,"href":"https:\/\/futureangst.com\/fr\/wp-json\/wp\/v2\/categories?post=2771"},{"taxonomy":"post_tag","embeddable":true,"href":"https:\/\/futureangst.com\/fr\/wp-json\/wp\/v2\/tags?post=2771"}],"curies":[{"name":"wp","href":"https:\/\/api.w.org\/{rel}","templated":true}]}}